{"id":250,"date":"2020-02-18T14:56:41","date_gmt":"2020-02-18T14:56:41","guid":{"rendered":"https:\/\/rtca.com.tn\/?p=250"},"modified":"2020-02-19T18:56:40","modified_gmt":"2020-02-19T18:56:40","slug":"le-rtca-au-coeur-du-reseautage-tuniso-canadien","status":"publish","type":"post","link":"https:\/\/rtca.com.tn\/index.php\/2020\/02\/18\/le-rtca-au-coeur-du-reseautage-tuniso-canadien\/","title":{"rendered":"Le RTCA au coeur du r\u00e9seautage Tuniso-Canadien"},"content":{"rendered":"\n<p>Dans une ambiance conviviale, une centaine personnes\nont particip\u00e9 au premier \u00e9v\u00e9nement de l\u2019ann\u00e9e 2020 du R\u00e9seau Tuniso-Canadien\ndes Affaires (RTCA) sous le th\u00e8me g\u00e9n\u00e9ral: \u00ab Le RTCA au c\u0153ur du\nr\u00e9seautage Tuniso-Canadien \u00bb<\/p>\n\n\n\n<p>Le Canada comme <em>premier\ncyber voisin solidaire de la Tunisie<\/em> a teint\u00e9 le discours fort et\nrassembleur de M. <strong>Walid Siala<\/strong>, pr\u00e9sident du RTCA. Il a en outres rapport\u00e9\nl\u2019identit\u00e9 et le positionnement du R\u00e9seau tout en pr\u00e9sentant l\u2019objectif\nambitieux de tripler les \u00e9changes Tuniso-Canadiens par trois sur une p\u00e9riode de\ncinq ann\u00e9es. Le discours de M. Siala \u00e9tait fort rassembleur en invitant toutes les\ninstitutions, chambres de commerces, associations, chaires de recherches et\ngens de la culture de nous joindre et de travailler avec le RTCA pour le\nresserrement des liens commerciaux, scientifiques, culturels entre les deux\npays amis et pour l\u2019expansion des investissements.<\/p>\n\n\n\n<p>Tout en animant l\u2019\u00e9v\u00e9nement, M. <strong>Mohsen Laabidi<\/strong>,\nVice-pr\u00e9sident Communications et Marketing du RTCA a rapport\u00e9 la mission et les\nvaleurs du R\u00e9seau tout en pr\u00e9sentant en grande exclusivit\u00e9 le road map 2020.<\/p>\n\n\n\n<p>M.&nbsp;<strong>Philippe Armengau<\/strong>,\nConseiller commercial \u00e0 l\u2019Ambassade du Canada en Tunisie a mis la lumi\u00e8re\nsur la hausse significative du commerce bilat\u00e9ral Canada&nbsp;-Tunisie&nbsp;a pr\u00e9sent\u00e9 les familles de produits ayant enregistr\u00e9 le plus\nde croissance en 2019. Par ailleurs, M. Armengau a par ailleurs dress\u00e9 quantitativement\net qualitativement, le profil des entreprises Canadiennes ayant investi en\nTunisie tout en pr\u00e9sentant avantageusement les activit\u00e9s officielles de 2020 de\nl\u2019Ambassade du Canada en Tunisie.<\/p>\n\n\n\n<p>M. <strong>Zied Lahbib<\/strong>, Directeur\nMarketing International FIPA a pr\u00e9sent\u00e9 le positionnement strat\u00e9gique de la\nTunisie dans le monde et a rapport\u00e9 les avantages comp\u00e9titifs de la Tunisie\npour attirer plus d\u2019investisseurs Canadiens.<\/p>\n\n\n\n<p>M. <strong>Imed Hfaiedh<\/strong>, Directeur\nchez Tunisia Export \u2013 CEPEX a pr\u00e9sent\u00e9 pour sa part, les statistiques du\ncommerce bilat\u00e9ral Tunisie-Canada et a insist\u00e9 sur la possibilit\u00e9 de tripler le\nvolume des \u00e9changes entre les deux pays amis.<\/p>\n\n\n\n<p>M. <strong>Ferid Tounsi<\/strong>, PDG\nTunisie Afrique Export, Ex DG APII et PDG CEPEX dans un discours spontan\u00e9, a\ntenu de rapporter les efforts constructifs d\u00e9ploy\u00e9s par tous les acteurs\npublics et priv\u00e9s depuis 1957 tout en soulevant et saluant l\u2019aspect\nvolontariste des membres fondateurs du RTCA. M. Tounsi a pr\u00e9sent\u00e9 par ailleurs,\nplusieurs observations d\u2019ordres strat\u00e9giques pouvant rehausser davantage la\ncoop\u00e9ration bilat\u00e9rale Tuniso-Canadienne.<\/p>\n\n\n\n<p>Une s\u00e9ance de <strong>r\u00e9seautage<\/strong> s\u2019est\ntenue \u00e0 la fin des pr\u00e9sentations par une centaines d\u2019acteurs priv\u00e9s et publics\ndans le hall du Laico Tunis &#8211; SPA &amp;\nConference Center.<em><\/em><\/p>\n\n\n\n<p><em>Adh\u00e9sions: <\/em><a rel=\"noreferrer noopener\" href=\"https:\/\/rtca.com.tn\/index.php\/adhesion\/?fbclid=IwAR2hcsURAlbXXF-mRnoRMlpdgwQDgrdUaX6o83r0A8cxTfr_BY_2sjT12II\" target=\"_blank\"><em>https:\/\/rtca.com.tn\/index.php\/ad<\/em><\/a><\/p>\n\n\n\n<iframe loading=\"lazy\" src=\"https:\/\/www.facebook.com\/plugins\/post.php?href=https%3A%2F%2Fwww.facebook.com%2Fpermalink.php%3Fstory_fbid%3D2550693825251789%26id%3D2256154591372382&#038;width=500\" width=\"500\" height=\"802\" style=\"border:none;overflow:hidden\" scrolling=\"no\" frameborder=\"0\" allowTransparency=\"true\" allow=\"encrypted-media\"><\/iframe>\n","protected":false},"excerpt":{"rendered":"<p>Dans une ambiance conviviale, une centaine personnes ont particip\u00e9 au premier \u00e9v\u00e9nement de l\u2019ann\u00e9e 2020 du R\u00e9seau Tuniso-Canadien des Affaires (RTCA) sous le th\u00e8me g\u00e9n\u00e9ral: \u00ab Le RTCA au c\u0153ur [&hellip;]<\/p>\n","protected":false},"author":3,"featured_media":251,"comment_status":"closed","ping_status":"closed","sticky":false,"template":"","format":"standard","meta":{"footnotes":""},"categories":[1],"tags":[],"yoast_head":"<!-- This site is optimized with the Yoast SEO plugin v22.6 - https:\/\/yoast.com\/wordpress\/plugins\/seo\/ -->\n<title>Le RTCA au coeur du r\u00e9seautage Tuniso-Canadien - R\u00e9seau Tuniso-Canadien Des Affaires<\/title>\n<meta name=\"robots\" content=\"index, follow, max-snippet:-1, max-image-preview:large, max-video-preview:-1\" \/>\n<link rel=\"canonical\" href=\"https:\/\/rtca.com.tn\/index.php\/2020\/02\/18\/le-rtca-au-coeur-du-reseautage-tuniso-canadien\/\" \/>\n<meta property=\"og:locale\" content=\"fr_FR\" \/>\n<meta property=\"og:type\" content=\"article\" \/>\n<meta property=\"og:title\" content=\"Le RTCA au coeur du r\u00e9seautage Tuniso-Canadien - R\u00e9seau Tuniso-Canadien Des Affaires\" \/>\n<meta property=\"og:description\" content=\"Dans une ambiance conviviale, une centaine personnes ont particip\u00e9 au premier \u00e9v\u00e9nement de l\u2019ann\u00e9e 2020 du R\u00e9seau Tuniso-Canadien des Affaires (RTCA) sous le th\u00e8me g\u00e9n\u00e9ral: \u00ab Le RTCA au c\u0153ur [&hellip;]\" \/>\n<meta property=\"og:url\" content=\"https:\/\/rtca.com.tn\/index.php\/2020\/02\/18\/le-rtca-au-coeur-du-reseautage-tuniso-canadien\/\" \/>\n<meta property=\"og:site_name\" content=\"R\u00e9seau Tuniso-Canadien Des Affaires\" \/>\n<meta property=\"article:published_time\" content=\"2020-02-18T14:56:41+00:00\" \/>\n<meta property=\"article:modified_time\" content=\"2020-02-19T18:56:40+00:00\" \/>\n<meta property=\"og:image\" content=\"https:\/\/rtca.com.tn\/wp-content\/uploads\/2020\/02\/87035410_2568484833423765_4022597508222943232_n.jpg\" \/>\n\t<meta property=\"og:image:width\" content=\"2048\" \/>\n\t<meta property=\"og:image:height\" content=\"1393\" \/>\n\t<meta property=\"og:image:type\" content=\"image\/jpeg\" \/>\n<meta name=\"author\" content=\"Mohsen Laabidi\" \/>\n<meta name=\"twitter:card\" content=\"summary_large_image\" \/>\n<meta name=\"twitter:label1\" content=\"\u00c9crit par\" \/>\n\t<meta name=\"twitter:data1\" content=\"Mohsen Laabidi\" \/>\n\t<meta name=\"twitter:label2\" content=\"Dur\u00e9e de lecture estim\u00e9e\" \/>\n\t<meta name=\"twitter:data2\" content=\"2 minutes\" \/>\n<script type=\"application\/ld+json\" class=\"yoast-schema-graph\">{\"@context\":\"https:\/\/schema.org\",\"@graph\":[{\"@type\":\"Article\",\"@id\":\"https:\/\/rtca.com.tn\/index.php\/2020\/02\/18\/le-rtca-au-coeur-du-reseautage-tuniso-canadien\/#article\",\"isPartOf\":{\"@id\":\"https:\/\/rtca.com.tn\/index.php\/2020\/02\/18\/le-rtca-au-coeur-du-reseautage-tuniso-canadien\/\"},\"author\":{\"name\":\"Mohsen Laabidi\",\"@id\":\"https:\/\/rtca.com.tn\/#\/schema\/person\/e53684ed657035799345c9e062ec5594\"},\"headline\":\"Le RTCA au coeur du r\u00e9seautage Tuniso-Canadien\",\"datePublished\":\"2020-02-18T14:56:41+00:00\",\"dateModified\":\"2020-02-19T18:56:40+00:00\",\"mainEntityOfPage\":{\"@id\":\"https:\/\/rtca.com.tn\/index.php\/2020\/02\/18\/le-rtca-au-coeur-du-reseautage-tuniso-canadien\/\"},\"wordCount\":465,\"publisher\":{\"@id\":\"https:\/\/rtca.com.tn\/#organization\"},\"image\":{\"@id\":\"https:\/\/rtca.com.tn\/index.php\/2020\/02\/18\/le-rtca-au-coeur-du-reseautage-tuniso-canadien\/#primaryimage\"},\"thumbnailUrl\":\"https:\/\/rtca.com.tn\/wp-content\/uploads\/2020\/02\/87035410_2568484833423765_4022597508222943232_n.jpg\",\"articleSection\":[\"Uncategorized\"],\"inLanguage\":\"fr-FR\"},{\"@type\":\"WebPage\",\"@id\":\"https:\/\/rtca.com.tn\/index.php\/2020\/02\/18\/le-rtca-au-coeur-du-reseautage-tuniso-canadien\/\",\"url\":\"https:\/\/rtca.com.tn\/index.php\/2020\/02\/18\/le-rtca-au-coeur-du-reseautage-tuniso-canadien\/\",\"name\":\"Le RTCA au coeur du r\u00e9seautage Tuniso-Canadien - R\u00e9seau Tuniso-Canadien Des Affaires\",\"isPartOf\":{\"@id\":\"https:\/\/rtca.com.tn\/#website\"},\"primaryImageOfPage\":{\"@id\":\"https:\/\/rtca.com.tn\/index.php\/2020\/02\/18\/le-rtca-au-coeur-du-reseautage-tuniso-canadien\/#primaryimage\"},\"image\":{\"@id\":\"https:\/\/rtca.com.tn\/index.php\/2020\/02\/18\/le-rtca-au-coeur-du-reseautage-tuniso-canadien\/#primaryimage\"},\"thumbnailUrl\":\"https:\/\/rtca.com.tn\/wp-content\/uploads\/2020\/02\/87035410_2568484833423765_4022597508222943232_n.jpg\",\"datePublished\":\"2020-02-18T14:56:41+00:00\",\"dateModified\":\"2020-02-19T18:56:40+00:00\",\"breadcrumb\":{\"@id\":\"https:\/\/rtca.com.tn\/index.php\/2020\/02\/18\/le-rtca-au-coeur-du-reseautage-tuniso-canadien\/#breadcrumb\"},\"inLanguage\":\"fr-FR\",\"potentialAction\":[{\"@type\":\"ReadAction\",\"target\":[\"https:\/\/rtca.com.tn\/index.php\/2020\/02\/18\/le-rtca-au-coeur-du-reseautage-tuniso-canadien\/\"]}]},{\"@type\":\"ImageObject\",\"inLanguage\":\"fr-FR\",\"@id\":\"https:\/\/rtca.com.tn\/index.php\/2020\/02\/18\/le-rtca-au-coeur-du-reseautage-tuniso-canadien\/#primaryimage\",\"url\":\"https:\/\/rtca.com.tn\/wp-content\/uploads\/2020\/02\/87035410_2568484833423765_4022597508222943232_n.jpg\",\"contentUrl\":\"https:\/\/rtca.com.tn\/wp-content\/uploads\/2020\/02\/87035410_2568484833423765_4022597508222943232_n.jpg\",\"width\":2048,\"height\":1393},{\"@type\":\"BreadcrumbList\",\"@id\":\"https:\/\/rtca.com.tn\/index.php\/2020\/02\/18\/le-rtca-au-coeur-du-reseautage-tuniso-canadien\/#breadcrumb\",\"itemListElement\":[{\"@type\":\"ListItem\",\"position\":1,\"name\":\"Home\",\"item\":\"https:\/\/rtca.com.tn\/\"},{\"@type\":\"ListItem\",\"position\":2,\"name\":\"Le RTCA au coeur du r\u00e9seautage Tuniso-Canadien\"}]},{\"@type\":\"WebSite\",\"@id\":\"https:\/\/rtca.com.tn\/#website\",\"url\":\"https:\/\/rtca.com.tn\/\",\"name\":\"R\u00e9seau Tuniso-Canadien Des Affaires\",\"description\":\"R\u00e9seau Tuniso-Canadien Des Affaires\",\"publisher\":{\"@id\":\"https:\/\/rtca.com.tn\/#organization\"},\"potentialAction\":[{\"@type\":\"SearchAction\",\"target\":{\"@type\":\"EntryPoint\",\"urlTemplate\":\"https:\/\/rtca.com.tn\/?s={search_term_string}\"},\"query-input\":\"required name=search_term_string\"}],\"inLanguage\":\"fr-FR\"},{\"@type\":\"Organization\",\"@id\":\"https:\/\/rtca.com.tn\/#organization\",\"name\":\"R\u00e9seau Tuniso-Canadien Des Affaires\",\"url\":\"https:\/\/rtca.com.tn\/\",\"logo\":{\"@type\":\"ImageObject\",\"inLanguage\":\"fr-FR\",\"@id\":\"https:\/\/rtca.com.tn\/#\/schema\/logo\/image\/\",\"url\":\"https:\/\/rtca.com.tn\/wp-content\/uploads\/2019\/06\/cropped-rtca-logo.png\",\"contentUrl\":\"https:\/\/rtca.com.tn\/wp-content\/uploads\/2019\/06\/cropped-rtca-logo.png\",\"width\":200,\"height\":50,\"caption\":\"R\u00e9seau Tuniso-Canadien Des Affaires\"},\"image\":{\"@id\":\"https:\/\/rtca.com.tn\/#\/schema\/logo\/image\/\"}},{\"@type\":\"Person\",\"@id\":\"https:\/\/rtca.com.tn\/#\/schema\/person\/e53684ed657035799345c9e062ec5594\",\"name\":\"Mohsen Laabidi\",\"image\":{\"@type\":\"ImageObject\",\"inLanguage\":\"fr-FR\",\"@id\":\"https:\/\/rtca.com.tn\/#\/schema\/person\/image\/\",\"url\":\"https:\/\/secure.gravatar.com\/avatar\/578fd398d369ed35dfc788a76ec151be?s=96&d=mm&r=g\",\"contentUrl\":\"https:\/\/secure.gravatar.com\/avatar\/578fd398d369ed35dfc788a76ec151be?s=96&d=mm&r=g\",\"caption\":\"Mohsen Laabidi\"},\"url\":\"https:\/\/rtca.com.tn\/index.php\/author\/mlaabidi\/\"}]}<\/script>\n<!-- \/ Yoast SEO plugin. -->","yoast_head_json":{"title":"Le RTCA au coeur du r\u00e9seautage Tuniso-Canadien - R\u00e9seau Tuniso-Canadien Des Affaires","robots":{"index":"index","follow":"follow","max-snippet":"max-snippet:-1","max-image-preview":"max-image-preview:large","max-video-preview":"max-video-preview:-1"},"canonical":"https:\/\/rtca.com.tn\/index.php\/2020\/02\/18\/le-rtca-au-coeur-du-reseautage-tuniso-canadien\/","og_locale":"fr_FR","og_type":"article","og_title":"Le RTCA au coeur du r\u00e9seautage Tuniso-Canadien - R\u00e9seau Tuniso-Canadien Des Affaires","og_description":"Dans une ambiance conviviale, une centaine personnes ont particip\u00e9 au premier \u00e9v\u00e9nement de l\u2019ann\u00e9e 2020 du R\u00e9seau Tuniso-Canadien des Affaires (RTCA) sous le th\u00e8me g\u00e9n\u00e9ral: \u00ab Le RTCA au c\u0153ur [&hellip;]","og_url":"https:\/\/rtca.com.tn\/index.php\/2020\/02\/18\/le-rtca-au-coeur-du-reseautage-tuniso-canadien\/","og_site_name":"R\u00e9seau Tuniso-Canadien Des Affaires","article_published_time":"2020-02-18T14:56:41+00:00","article_modified_time":"2020-02-19T18:56:40+00:00","og_image":[{"width":2048,"height":1393,"url":"https:\/\/rtca.com.tn\/wp-content\/uploads\/2020\/02\/87035410_2568484833423765_4022597508222943232_n.jpg","type":"image\/jpeg"}],"author":"Mohsen Laabidi","twitter_card":"summary_large_image","twitter_misc":{"\u00c9crit par":"Mohsen Laabidi","Dur\u00e9e de lecture estim\u00e9e":"2 minutes"},"schema":{"@context":"https:\/\/schema.org","@graph":[{"@type":"Article","@id":"https:\/\/rtca.com.tn\/index.php\/2020\/02\/18\/le-rtca-au-coeur-du-reseautage-tuniso-canadien\/#article","isPartOf":{"@id":"https:\/\/rtca.com.tn\/index.php\/2020\/02\/18\/le-rtca-au-coeur-du-reseautage-tuniso-canadien\/"},"author":{"name":"Mohsen Laabidi","@id":"https:\/\/rtca.com.tn\/#\/schema\/person\/e53684ed657035799345c9e062ec5594"},"headline":"Le RTCA au coeur du r\u00e9seautage Tuniso-Canadien","datePublished":"2020-02-18T14:56:41+00:00","dateModified":"2020-02-19T18:56:40+00:00","mainEntityOfPage":{"@id":"https:\/\/rtca.com.tn\/index.php\/2020\/02\/18\/le-rtca-au-coeur-du-reseautage-tuniso-canadien\/"},"wordCount":465,"publisher":{"@id":"https:\/\/rtca.com.tn\/#organization"},"image":{"@id":"https:\/\/rtca.com.tn\/index.php\/2020\/02\/18\/le-rtca-au-coeur-du-reseautage-tuniso-canadien\/#primaryimage"},"thumbnailUrl":"https:\/\/rtca.com.tn\/wp-content\/uploads\/2020\/02\/87035410_2568484833423765_4022597508222943232_n.jpg","articleSection":["Uncategorized"],"inLanguage":"fr-FR"},{"@type":"WebPage","@id":"https:\/\/rtca.com.tn\/index.php\/2020\/02\/18\/le-rtca-au-coeur-du-reseautage-tuniso-canadien\/","url":"https:\/\/rtca.com.tn\/index.php\/2020\/02\/18\/le-rtca-au-coeur-du-reseautage-tuniso-canadien\/","name":"Le RTCA au coeur du r\u00e9seautage Tuniso-Canadien - R\u00e9seau Tuniso-Canadien Des Affaires","isPartOf":{"@id":"https:\/\/rtca.com.tn\/#website"},"primaryImageOfPage":{"@id":"https:\/\/rtca.com.tn\/index.php\/2020\/02\/18\/le-rtca-au-coeur-du-reseautage-tuniso-canadien\/#primaryimage"},"image":{"@id":"https:\/\/rtca.com.tn\/index.php\/2020\/02\/18\/le-rtca-au-coeur-du-reseautage-tuniso-canadien\/#primaryimage"},"thumbnailUrl":"https:\/\/rtca.com.tn\/wp-content\/uploads\/2020\/02\/87035410_2568484833423765_4022597508222943232_n.jpg","datePublished":"2020-02-18T14:56:41+00:00","dateModified":"2020-02-19T18:56:40+00:00","breadcrumb":{"@id":"https:\/\/rtca.com.tn\/index.php\/2020\/02\/18\/le-rtca-au-coeur-du-reseautage-tuniso-canadien\/#breadcrumb"},"inLanguage":"fr-FR","potentialAction":[{"@type":"ReadAction","target":["https:\/\/rtca.com.tn\/index.php\/2020\/02\/18\/le-rtca-au-coeur-du-reseautage-tuniso-canadien\/"]}]},{"@type":"ImageObject","inLanguage":"fr-FR","@id":"https:\/\/rtca.com.tn\/index.php\/2020\/02\/18\/le-rtca-au-coeur-du-reseautage-tuniso-canadien\/#primaryimage","url":"https:\/\/rtca.com.tn\/wp-content\/uploads\/2020\/02\/87035410_2568484833423765_4022597508222943232_n.jpg","contentUrl":"https:\/\/rtca.com.tn\/wp-content\/uploads\/2020\/02\/87035410_2568484833423765_4022597508222943232_n.jpg","width":2048,"height":1393},{"@type":"BreadcrumbList","@id":"https:\/\/rtca.com.tn\/index.php\/2020\/02\/18\/le-rtca-au-coeur-du-reseautage-tuniso-canadien\/#breadcrumb","itemListElement":[{"@type":"ListItem","position":1,"name":"Home","item":"https:\/\/rtca.com.tn\/"},{"@type":"ListItem","position":2,"name":"Le RTCA au coeur du r\u00e9seautage Tuniso-Canadien"}]},{"@type":"WebSite","@id":"https:\/\/rtca.com.tn\/#website","url":"https:\/\/rtca.com.tn\/","name":"R\u00e9seau Tuniso-Canadien Des Affaires","description":"R\u00e9seau Tuniso-Canadien Des Affaires","publisher":{"@id":"https:\/\/rtca.com.tn\/#organization"},"potentialAction":[{"@type":"SearchAction","target":{"@type":"EntryPoint","urlTemplate":"https:\/\/rtca.com.tn\/?s={search_term_string}"},"query-input":"required name=search_term_string"}],"inLanguage":"fr-FR"},{"@type":"Organization","@id":"https:\/\/rtca.com.tn\/#organization","name":"R\u00e9seau Tuniso-Canadien Des Affaires","url":"https:\/\/rtca.com.tn\/","logo":{"@type":"ImageObject","inLanguage":"fr-FR","@id":"https:\/\/rtca.com.tn\/#\/schema\/logo\/image\/","url":"https:\/\/rtca.com.tn\/wp-content\/uploads\/2019\/06\/cropped-rtca-logo.png","contentUrl":"https:\/\/rtca.com.tn\/wp-content\/uploads\/2019\/06\/cropped-rtca-logo.png","width":200,"height":50,"caption":"R\u00e9seau Tuniso-Canadien Des Affaires"},"image":{"@id":"https:\/\/rtca.com.tn\/#\/schema\/logo\/image\/"}},{"@type":"Person","@id":"https:\/\/rtca.com.tn\/#\/schema\/person\/e53684ed657035799345c9e062ec5594","name":"Mohsen Laabidi","image":{"@type":"ImageObject","inLanguage":"fr-FR","@id":"https:\/\/rtca.com.tn\/#\/schema\/person\/image\/","url":"https:\/\/secure.gravatar.com\/avatar\/578fd398d369ed35dfc788a76ec151be?s=96&d=mm&r=g","contentUrl":"https:\/\/secure.gravatar.com\/avatar\/578fd398d369ed35dfc788a76ec151be?s=96&d=mm&r=g","caption":"Mohsen Laabidi"},"url":"https:\/\/rtca.com.tn\/index.php\/author\/mlaabidi\/"}]}},"_links":{"self":[{"href":"https:\/\/rtca.com.tn\/index.php\/wp-json\/wp\/v2\/posts\/250"}],"collection":[{"href":"https:\/\/rtca.com.tn\/index.php\/wp-json\/wp\/v2\/posts"}],"about":[{"href":"https:\/\/rtca.com.tn\/index.php\/wp-json\/wp\/v2\/types\/post"}],"author":[{"embeddable":true,"href":"https:\/\/rtca.com.tn\/index.php\/wp-json\/wp\/v2\/users\/3"}],"replies":[{"embeddable":true,"href":"https:\/\/rtca.com.tn\/index.php\/wp-json\/wp\/v2\/comments?post=250"}],"version-history":[{"count":7,"href":"https:\/\/rtca.com.tn\/index.php\/wp-json\/wp\/v2\/posts\/250\/revisions"}],"predecessor-version":[{"id":260,"href":"https:\/\/rtca.com.tn\/index.php\/wp-json\/wp\/v2\/posts\/250\/revisions\/260"}],"wp:featuredmedia":[{"embeddable":true,"href":"https:\/\/rtca.com.tn\/index.php\/wp-json\/wp\/v2\/media\/251"}],"wp:attachment":[{"href":"https:\/\/rtca.com.tn\/index.php\/wp-json\/wp\/v2\/media?parent=250"}],"wp:term":[{"taxonomy":"category","embeddable":true,"href":"https:\/\/rtca.com.tn\/index.php\/wp-json\/wp\/v2\/categories?post=250"},{"taxonomy":"post_tag","embeddable":true,"href":"https:\/\/rtca.com.tn\/index.php\/wp-json\/wp\/v2\/tags?post=250"}],"curies":[{"name":"wp","href":"https:\/\/api.w.org\/{rel}","templated":true}]}}